{"id":6548,"date":"2024-05-14T10:19:29","date_gmt":"2024-05-14T08:19:29","guid":{"rendered":"https:\/\/ambberna.esteri.it\/?p=6548"},"modified":"2024-05-22T15:30:13","modified_gmt":"2024-05-22T13:30:13","slug":"campagne-de-communication-lutte-contre-la-diffusion-des-drogues-synthetiques","status":"publish","type":"post","link":"https:\/\/ambberna.esteri.it\/fr\/news\/dall_ambasciata\/2024\/05\/campagne-de-communication-lutte-contre-la-diffusion-des-drogues-synthetiques\/","title":{"rendered":"CAMPAGNE DE COMMUNICATION \u2013 LUTTE CONTRE LA DIFFUSION DES DROGUES SYNTH\u00c9TIQUES"},"content":{"rendered":"<p>Le d\u00e9fi pos\u00e9 par la diffusion exponentielle des drogues synth\u00e9tiques est une priorit\u00e9 politique du Gouvernement. L&rsquo;attention se porte particuli\u00e8rement sur le fentanyl, puissant opio\u00efde synth\u00e9tique produit ill\u00e9galement et disponible sur le march\u00e9 sous diff\u00e9rentes formes, y compris sous forme liquide et en poudre.<\/p>\n<p>Au cours de la derni\u00e8re d\u00e9cennie, le fentanyl s&rsquo;est largement r\u00e9pandu aux \u00c9tats-Unis et dans d&rsquo;autres r\u00e9gions du monde, entra\u00eenant de graves cons\u00e9quences sociales et sanitaires. Dans ce contexte, le Gouvernement suit avec une grande attention l&rsquo;\u00e9volution de la menace repr\u00e9sent\u00e9e par les drogues synth\u00e9tiques et est en premi\u00e8re ligne dans l&rsquo;engagement international pour contrer leur production et leur commerce (y compris en ligne) sur le territoire national.<\/p>\n<p>Pour syst\u00e9matiser et organiser l&rsquo;engagement italien dans ce secteur prioritaire, la Pr\u00e9sidence du Conseil des Ministres \u2013 D\u00e9partement des Politiques Antidrogue a \u00e9labor\u00e9 le \u00ab Plan national contre l&rsquo;usage abusif de fentanyl et d&rsquo;autres opio\u00efdes synth\u00e9tiques \u00bb.<\/p>\n<p>Le Ministre des Affaires \u00c9trang\u00e8res et de la Coop\u00e9ration Internationale a, \u00e0 plusieurs reprises, soulign\u00e9 le caract\u00e8re politique prioritaire du dossier et son attention personnelle \u00e0 ce sujet, \u00e0 commencer par sa participation \u00e0 l&rsquo;\u00e9v\u00e9nement de lancement en juillet dernier de la Coalition Internationale contre les drogues synth\u00e9tiques voulue par le Secr\u00e9taire d&rsquo;\u00c9tat Blinken. Sur l&rsquo;impulsion directe de l&rsquo;Hon. Ministre, le th\u00e8me a \u00e9t\u00e9 port\u00e9 \u00e0 l&rsquo;attention des pays du G7 lors de la r\u00e9cente r\u00e9union minist\u00e9rielle des Affaires \u00c9trang\u00e8res \u00e0 Capri et a \u00e9t\u00e9 inclus dans le communiqu\u00e9 final publi\u00e9 \u00e0 l&rsquo;issue de la rencontre.<\/p>\n<p>La question continuera d&rsquo;\u00eatre au centre des prochains rendez-vous internationaux de l&rsquo;Hon. Ministre, \u00e0 commencer par la rencontre au format 5+1 avec les pays d&rsquo;Asie centrale pr\u00e9vue dans les prochaines semaines.<\/p>\n<p>Sur cette base, le Gouvernement a promu une campagne de communication et de sensibilisation sur le sujet, significativement centr\u00e9e sur la dimension internationale, r\u00e9cemment pr\u00e9sent\u00e9e au Palazzo Chigi lors d&rsquo;une conf\u00e9rence de presse par l&rsquo;Hon. Ministre et le Sous-secr\u00e9taire \u00e0 la Pr\u00e9sidence du Conseil Mantovano. L&rsquo;enregistrement vid\u00e9o (en italien) de la conf\u00e9rence de presse est disponible en ligne au <a href=\"https:\/\/youtu.be\/MMYeKWXrJMQ\">lien<\/a> suivant.<\/p>\n<p>Pour plus d&rsquo;informations, <a href=\"https:\/\/ambberna.esteri.it\/wp-content\/uploads\/2024\/05\/49315801501248.docx.pdf\">lien<\/a> vers la note informative (en italien).<\/p>\n","protected":false},"excerpt":{"rendered":"Le d\u00e9fi pos\u00e9 par la diffusion exponentielle des drogues synth\u00e9tiques est une priorit\u00e9 politique du Gouvernement. L&rsquo;attention se porte particuli\u00e8rement sur le fentanyl, puissant opio\u00efde synth\u00e9tique produit ill\u00e9galement et disponible sur le march\u00e9 sous diff\u00e9rentes formes, y compris sous forme liquide et en poudre. Au cours de la derni\u00e8re d\u00e9cennie, le fentanyl s&rsquo;est largement r\u00e9pandu [&hellip;]","protected":false},"author":4,"featured_media":6555,"comment_status":"closed","ping_status":"closed","sticky":false,"template":"","format":"standard","meta":{"footnotes":""},"tags":[],"class_list":["post-6548","post","type-post","status-publish","format-standard","has-post-thumbnail","hentry"],"_links":{"self":[{"href":"https:\/\/ambberna.esteri.it\/fr\/wp-json\/wp\/v2\/posts\/6548","targetHints":{"allow":["GET"]}}],"collection":[{"href":"https:\/\/ambberna.esteri.it\/fr\/wp-json\/wp\/v2\/posts"}],"about":[{"href":"https:\/\/ambberna.esteri.it\/fr\/wp-json\/wp\/v2\/types\/post"}],"author":[{"embeddable":true,"href":"https:\/\/ambberna.esteri.it\/fr\/wp-json\/wp\/v2\/users\/4"}],"replies":[{"embeddable":true,"href":"https:\/\/ambberna.esteri.it\/fr\/wp-json\/wp\/v2\/comments?post=6548"}],"version-history":[{"count":1,"href":"https:\/\/ambberna.esteri.it\/fr\/wp-json\/wp\/v2\/posts\/6548\/revisions"}],"predecessor-version":[{"id":6557,"href":"https:\/\/ambberna.esteri.it\/fr\/wp-json\/wp\/v2\/posts\/6548\/revisions\/6557"}],"wp:featuredmedia":[{"embeddable":true,"href":"https:\/\/ambberna.esteri.it\/fr\/wp-json\/wp\/v2\/media\/6555"}],"wp:attachment":[{"href":"https:\/\/ambberna.esteri.it\/fr\/wp-json\/wp\/v2\/media?parent=6548"}],"wp:term":[{"taxonomy":"post_tag","embeddable":true,"href":"https:\/\/ambberna.esteri.it\/fr\/wp-json\/wp\/v2\/tags?post=6548"}],"curies":[{"name":"wp","href":"https:\/\/api.w.org\/{rel}","templated":true}]}}